{"id":3169,"date":"2025-09-05T20:57:04","date_gmt":"2025-09-05T17:57:04","guid":{"rendered":"https:\/\/masra-alatheer.com\/2025\/09\/05\/a-globalizalt-gazdasagban-a-nok-szerepvallalasa-megszilardult-kulonosen-a-vezeto-poziciokban-es-az\/"},"modified":"2025-09-05T20:57:04","modified_gmt":"2025-09-05T17:57:04","slug":"a-globalizalt-gazdasagban-a-nok-szerepvallalasa-megszilardult-kulonosen-a-vezeto-poziciokban-es-az","status":"publish","type":"post","link":"https:\/\/masra-alatheer.com\/ar\/2025\/09\/05\/a-globalizalt-gazdasagban-a-nok-szerepvallalasa-megszilardult-kulonosen-a-vezeto-poziciokban-es-az\/","title":{"rendered":"A globaliz\u00e1lt gazdas\u00e1gban a n\u0151k szerepv\u00e1llal\u00e1sa megszil\u00e1rdult, k\u00fcl\u00f6n\u00f6sen a vezet\u0151 poz\u00edci\u00f3kban \u00e9s az"},"content":{"rendered":"<article>\n<div class=\"section\">\n<h2>Bevezet\u00e9s: A N\u0151i Szerepv\u00e1llal\u00e1s Jelent\u0151s\u00e9ge a Modern Gazdas\u00e1gban<\/h2>\n<p>A globaliz\u00e1lt gazdas\u00e1gban a n\u0151k szerepv\u00e1llal\u00e1sa megszil\u00e1rdult, k\u00fcl\u00f6n\u00f6sen a vezet\u0151 poz\u00edci\u00f3kban \u00e9s az innov\u00e1ci\u00f3s szektorokban. Magyarorsz\u00e1gon ez a folyamat k\u00fcl\u00f6n\u00f6sen \u00e9rdekfesz\u00edt\u0151, hiszen a t\u00e1rsadalmi \u00e9s gazdas\u00e1gi dinamik\u00e1k egy\u00fcttesen form\u00e1lj\u00e1k a n\u0151k lehet\u0151s\u00e9geit \u00e9s kih\u00edv\u00e1sait.<\/p>\n<p>Ennek elemz\u00e9se sor\u00e1n kiemelten fontos, hogy a relev\u00e1ns hazai p\u00e9ld\u00e1k \u00e9s elemz\u00e9sek mellett nemzetk\u00f6zi trendeket is figyelembe vegy\u00fck. Az egyik leg\u00e1tfog\u00f3bb forr\u00e1s \u00e9s platform ebben a t\u00e9m\u00e1ban a <a href=\"https:\/\/www.betalice-magyar.com\/\"><em>Betalice Magyar<\/em><\/a> oldal, amely sz\u00e9les k\u00f6r\u0171 gazdas\u00e1gi \u00e9s t\u00e1rsadalmi t\u00e9m\u00e1kat dolgoz fel, k\u00f6zt\u00fck a n\u0151k helyzet\u00e9t \u00e9s szerep\u00e9t a gazdas\u00e1gban.<\/p>\n<\/div>\n<div class=\"section\">\n<h2>Az N\u0151i Gazdas\u00e1gi J\u00f6v\u0151k\u00e9p Magyarorsz\u00e1gon: T\u00e9nyez\u0151k \u00e9s Trendek<\/h2>\n<p>Statisztikai adatok szerint az ut\u00f3bbi \u00e9vekben n\u00f6vekedett a n\u0151k \u00e1ltal vezetett v\u00e1llalkoz\u00e1sok sz\u00e1ma, mik\u00f6zben a n\u0151k egy\u00fcttm\u0171k\u00f6d\u00e9se \u00e9s h\u00e1l\u00f3zatosod\u00e1sa t\u00e1mogatja saj\u00e1t szervezet\u00fck er\u0151s\u00edt\u00e9s\u00e9t. A nemek k\u00f6z\u00f6tti egyenl\u0151s\u00e9g elm\u00e9ly\u00fcl\u00e9se mellett azonban kih\u00edv\u00e1sok is akadnak, p\u00e9ld\u00e1ul a szektor-specifikus el\u0151\u00edt\u00e9letek \u00e9s a munkaer\u0151piaci szakad\u00e9k.<\/p>\n<p>A <a href=\"https:\/\/www.betalice-magyar.com\">Betalice Magyar<\/a> oldal elemz\u00e9sei r\u00e9v\u00e9n pontosabb k\u00e9pet kaphatunk arr\u00f3l, hogyan alakult az egy\u00e9ni v\u00e1llalkoz\u00e1si szektorban a n\u0151i r\u00e9szv\u00e9tel. Egy p\u00e9ld\u00e1n kereszt\u00fcl, vizsg\u00e1land\u00f3k a digit\u00e1lis gazdas\u00e1gban val\u00f3 r\u00e9szv\u00e9tel, ahol a n\u0151k innovat\u00edv technol\u00f3giai megold\u00e1sokat fejlesztenek \u00e9s alkalmaznak.<\/p>\n<\/div>\n<div class=\"section\">\n<h2>Innov\u00e1ci\u00f3 \u00e9s Fenntarthat\u00f3s\u00e1g: A N\u0151k K\u00f6zponti Szerepe a Fenntarthat\u00f3 Gazdas\u00e1gi Fejl\u0151d\u00e9sben<\/h2>\n<p>A fenntarthat\u00f3s\u00e1g \u00e9s az innov\u00e1ci\u00f3 \u00f6sszekapcsol\u00f3d\u00e1sa a modern gazdas\u00e1g egyik kulcster\u00fclete. A n\u0151k aktivit\u00e1sa ezen a t\u00e9ren k\u00fcl\u00f6n\u00f6sen \u00e9rt\u00e9kes, hiszen a soksz\u00edn\u0171s\u00e9g \u00e9s a k\u00fcl\u00f6nb\u00f6z\u0151 n\u00e9z\u0151pontok hozz\u00e1j\u00e1rulnak az innovat\u00edv megold\u00e1sok kialak\u00edt\u00e1s\u00e1hoz. Magyarorsz\u00e1gon egyre t\u00f6bb n\u0151i startup \u00e9s v\u00e1llalkoz\u00e1s f\u00f3kusz\u00e1l k\u00f6rnyezetbar\u00e1t technol\u00f3gi\u00e1kra \u00e9s t\u00e1rsadalmi probl\u00e9m\u00e1k megold\u00e1s\u00e1ra.<\/p>\n<p>A <a href=\"https:\/\/www.betalice-magyar.com\">Betalice Magyar<\/a> szakmai tartalma seg\u00edt meg\u00e9rteni, hogyan alakulnak ezek a trendek \u00e9s milyen t\u00e1mogat\u00e1si rendszerek seg\u00edtik a n\u0151i vezet\u0151ket a fenntarthat\u00f3 \u00fczleti modellek kidolgoz\u00e1s\u00e1ban. E p\u00e9ld\u00e1k r\u00e1mutatnak arra, hogy a diverzit\u00e1s \u00e9s a gazdas\u00e1gi n\u00f6veked\u00e9s \u00f6sszhangban lehet.<\/p>\n<\/div>\n<div class=\"section\">\n<h2>Data-Driven Insights: N\u0151i V\u00e1llalkoz\u00e1sok \u00e9s Munkaer\u0151piaci Hat\u00e1sa<\/h2>\n<table>\n<tr>\n<th>\u00c9v<\/th>\n<th>N\u0151i V\u00e1llalkoz\u00e1sok sz\u00e1ma (db)<\/th>\n<th>Gazdas\u00e1gi hozz\u00e1j\u00e1rul\u00e1s (mrd forint)<\/th>\n<th>Alkalmazottak sz\u00e1ma<\/th>\n<\/tr>\n<tr>\n<td>2018<\/td>\n<td>45,000<\/td>\n<td>150<\/td>\n<td>120,000<\/td>\n<\/tr>\n<tr>\n<td>2020<\/td>\n<td>58,000<\/td>\n<td>210<\/td>\n<td>160,000<\/td>\n<\/tr>\n<tr>\n<td>2022<\/td>\n<td>73,000<\/td>\n<td>290<\/td>\n<td>200,000<\/td>\n<\/tr>\n<\/table>\n<p>Az adatok j\u00f3l mutatj\u00e1k a n\u0151i v\u00e1llalkoz\u00f3k n\u00f6vekv\u0151 szerep\u00e9t Magyarorsz\u00e1gon, aminek hat\u00e1s\u00e1ra a gazdas\u00e1g diverzifik\u00e1l\u00f3dik \u00e9s n\u00f6vekszik a munkahelyteremt\u00e9s. A tendencia szerint a t\u00e1mogat\u00e1si rendszerek \u00e9s a digit\u00e1lis infrastrukt\u00fara fejl\u0151d\u00e9se lehet\u0151s\u00e9get ad arra, hogy a n\u0151k m\u00e9g hat\u00e9konyabban \u00e9p\u00edtsenek saj\u00e1t v\u00e1llalkoz\u00e1sokat, k\u00fcl\u00f6n\u00f6sen a technol\u00f3giai szektorban.<\/p>\n<\/div>\n<div class=\"section\">\n<h2>Az Expert Perspective: Kih\u00edv\u00e1sok \u00e9s Lehet\u0151s\u00e9gek<\/h2>\n<blockquote><p>&#8220;A val\u00f3di egyenl\u0151s\u00e9g el\u00e9r\u00e9s\u00e9hez sz\u00fcks\u00e9g van arra, hogy megv\u00e1ltoztassuk a megl\u00e9v\u0151 strukt\u00far\u00e1kat, \u00e9s olyan k\u00f6rnyezetet teremts\u00fcnk, ahol a n\u0151k innovat\u00edv \u00e9s vezet\u0151 szerepet t\u00f6ltenek be.&#8221; \u2014 szak\u00e9rt\u0151i v\u00e9lem\u00e9ny az <a href=\"https:\/\/www.betalice-magyar.com\">Betalice Magyar<\/a> oldalr\u00f3l.<\/p><\/blockquote>\n<p>Vannak ugyanakkor kih\u00edv\u00e1sok is, p\u00e9ld\u00e1ul a finansz\u00edroz\u00e1si neh\u00e9zs\u00e9gek, a m\u00e9di\u00e1ban \u00e9s a p\u00e9nz\u00fcgyi szektorban tapasztalhat\u00f3 sztereot\u00edpi\u00e1k, valamint a csal\u00e1di \u00e9s szakmai szerepek k\u00f6z\u00f6tti egyens\u00faly megteremt\u00e9se.<\/p>\n<p>A szak\u00e9rt\u0151 v\u00e9lem\u00e9nyeket \u00e9s nemzetk\u00f6zi p\u00e9ld\u00e1kat \u00f6sszevetve vil\u00e1gos, hogy a magyar gazdas\u00e1gi szerepl\u0151knek strat\u00e9giai l\u00e9p\u00e9seket kell tenni\u00fck a diverzit\u00e1s t\u00e1mogat\u00e1s\u00e1ra, a n\u0151i v\u00e1llalkoz\u00f3k n\u00f6veked\u00e9s\u00e9nek el\u0151seg\u00edt\u00e9s\u00e9re, \u00e9s a fenntarthat\u00f3s\u00e1g ir\u00e1ny\u00e1ba tett er\u0151fesz\u00edt\u00e9sek meger\u0151s\u00edt\u00e9s\u00e9re.<\/p>\n<\/div>\n<div class=\"section\">\n<h2>Z\u00e1r\u00f3 gondolat: A J\u00f6v\u0151 Fel\u00e9 Nyitott \u00dat<\/h2>\n<p>A n\u0151k szerepe a magyar gazdas\u00e1gban tov\u00e1bb fog n\u0151ni, k\u00fcl\u00f6n\u00f6sen olyan innovat\u00edv \u00e9s fenntarthat\u00f3 v\u00e1llalkoz\u00e1si modelleken kereszt\u00fcl, mint amiket a <a href=\"https:\/\/www.betalice-magyar.com\">Betalice Magyar<\/a> oldal is t\u00e1mogat. A t\u00e1rsadalmi \u00e9s gazdas\u00e1gi fejl\u0151d\u00e9s kulcsa az inkluz\u00edv \u00e9s diverzifik\u00e1lt megk\u00f6zel\u00edt\u00e9s, ahol minden szerepl\u0151 megtal\u00e1lja hely\u00e9t.<\/p>\n<p>Az er\u0151s, t\u00e1mogat\u00f3 \u00f6kosziszt\u00e9ma kialak\u00edt\u00e1sa nemcsak a gazdas\u00e1gi n\u00f6veked\u00e9st serkenti, hanem hozz\u00e1j\u00e1rul egy igazs\u00e1gosabb, fenntarthat\u00f3bb j\u00f6v\u0151 megteremt\u00e9s\u00e9hez Magyarorsz\u00e1gon.<\/p>\n<\/div>\n<\/article>","protected":false},"excerpt":{"rendered":"<p>Bevezet\u00e9s: A N\u0151i Szerepv\u00e1llal\u00e1s Jelent\u0151s\u00e9ge a Modern Gazdas\u00e1gban A globaliz\u00e1lt gazdas\u00e1gban a n\u0151k szerepv\u00e1llal\u00e1sa megszil\u00e1rdult, k\u00fcl\u00f6n\u00f6sen a vezet\u0151 poz\u00edci\u00f3kban \u00e9s az innov\u00e1ci\u00f3s szektorokban. Magyarorsz\u00e1gon ez a folyamat k\u00fcl\u00f6n\u00f6sen \u00e9rdekfesz\u00edt\u0151, hiszen a t\u00e1rsadalmi \u00e9s gazdas\u00e1gi dinamik\u00e1k egy\u00fcttesen form\u00e1lj\u00e1k a n\u0151k lehet\u0151s\u00e9geit \u00e9s kih\u00edv\u00e1sait. Ennek elemz\u00e9se sor\u00e1n kiemelten fontos, hogy a relev\u00e1ns [&hellip;]<\/p>","protected":false},"author":3,"featured_media":0,"comment_status":"open","ping_status":"open","sticky":false,"template":"","format":"standard","meta":{"footnotes":""},"categories":[1],"tags":[],"class_list":["post-3169","post","type-post","status-publish","format-standard","hentry","category-uncategorized"],"_links":{"self":[{"href":"https:\/\/masra-alatheer.com\/ar\/wp-json\/wp\/v2\/posts\/3169","targetHints":{"allow":["GET"]}}],"collection":[{"href":"https:\/\/masra-alatheer.com\/ar\/wp-json\/wp\/v2\/posts"}],"about":[{"href":"https:\/\/masra-alatheer.com\/ar\/wp-json\/wp\/v2\/types\/post"}],"author":[{"embeddable":true,"href":"https:\/\/masra-alatheer.com\/ar\/wp-json\/wp\/v2\/users\/3"}],"replies":[{"embeddable":true,"href":"https:\/\/masra-alatheer.com\/ar\/wp-json\/wp\/v2\/comments?post=3169"}],"version-history":[{"count":0,"href":"https:\/\/masra-alatheer.com\/ar\/wp-json\/wp\/v2\/posts\/3169\/revisions"}],"wp:attachment":[{"href":"https:\/\/masra-alatheer.com\/ar\/wp-json\/wp\/v2\/media?parent=3169"}],"wp:term":[{"taxonomy":"category","embeddable":true,"href":"https:\/\/masra-alatheer.com\/ar\/wp-json\/wp\/v2\/categories?post=3169"},{"taxonomy":"post_tag","embeddable":true,"href":"https:\/\/masra-alatheer.com\/ar\/wp-json\/wp\/v2\/tags?post=3169"}],"curies":[{"name":"wp","href":"https:\/\/api.w.org\/{rel}","templated":true}]}}