{"id":3117,"date":"2025-09-05T19:35:48","date_gmt":"2025-09-05T16:35:48","guid":{"rendered":"https:\/\/masra-alatheer.com\/2025\/09\/05\/innovativ-design-es-kreativ-vilagitas-a-modern-irodatervezes-uj-korszakaban\/"},"modified":"2025-09-05T19:35:48","modified_gmt":"2025-09-05T16:35:48","slug":"innovativ-design-es-kreativ-vilagitas-a-modern-irodatervezes-uj-korszakaban","status":"publish","type":"post","link":"https:\/\/masra-alatheer.com\/ar\/2025\/09\/05\/innovativ-design-es-kreativ-vilagitas-a-modern-irodatervezes-uj-korszakaban\/","title":{"rendered":"Innovat\u00edv Design \u00e9s Kreat\u00edv Vil\u00e1g\u00edt\u00e1s: A Modern Irodatervez\u00e9s \u00daj Korszak\u00e1ban"},"content":{"rendered":"<p>\nAz iroda- \u00e9s \u00fczlethelyis\u00e9gek bels\u0151 kialak\u00edt\u00e1sa az elm\u00falt \u00e9vtizedben jelent\u0151s v\u00e1ltoz\u00e1son ment kereszt\u00fcl, ahol a funkcionalit\u00e1s mellett egyre fontosabb szerepet kap a <span class=\"highlight\">design kreativit\u00e1sa \u00e9s a mesters\u00e9ges f\u00e9nytechnika innov\u00e1ci\u00f3ja<\/span>. Ahogy a v\u00e1llalkoz\u00e1sok \u00e9s szervezetek kiemelt figyelmet ford\u00edtanak m\u00e1rk\u00e1z\u00e1sukra, k\u00f6rnyezet\u00fck vizu\u00e1lis megjelen\u00e9s\u00e9re, a pr\u00e9mium vil\u00e1g\u00edt\u00e1si megold\u00e1sok nem csup\u00e1n eszt\u00e9tikai k\u00e9rd\u00e9sk\u00e9nt, hanem strat\u00e9giai eszk\u00f6zk\u00e9nt is jelen vannak.<\/p>\n<h2>A Vil\u00e1g\u00edt\u00f3 Megold\u00e1sok Fontoss\u00e1ga az \u00dczleti K\u00f6rnyezetben<\/h2>\n<p>\nA modern irodahelyis\u00e9gek kialak\u00edt\u00e1sa sor\u00e1n a vil\u00e1g\u00edt\u00e1s nem csak haszn\u00e1lati funkci\u00f3t t\u00f6lt be; jelent\u0151sen befoly\u00e1solja a dolgoz\u00f3k produktivit\u00e1s\u00e1t, a vev\u0151i benyom\u00e1st \u00e9s az \u00e1ltal\u00e1nos munkak\u00f6rnyezet hangulat\u00e1t. A tudom\u00e1nyos kutat\u00e1sok igazolj\u00e1k, hogy a megfelel\u0151 vil\u00e1g\u00edt\u00e1stechnika n\u00f6velheti a munkav\u00e9gz\u00e9s hat\u00e9konys\u00e1g\u00e1t, mik\u00f6zben fenntarthat\u00f3 \u00e9s energiahat\u00e9kony megold\u00e1sok alkalmaz\u00e1s\u00e1val k\u00f6rnyezetv\u00e9delmi szempontb\u00f3l is el\u0151ny\u00f6s helyzetet teremt.\n<\/p>\n<p>\nAz innovat\u00edv vil\u00e1g\u00edt\u00e1si rendszerek kialak\u00edt\u00e1sa k\u00fcl\u00f6n\u00f6sen hangs\u00falyos azokban a k\u00f6rnyezetekben, ahol a m\u00e1rk\u00e1z\u00e1s \u00e9s a vizu\u00e1lis kommunik\u00e1ci\u00f3 szerep\u00e9t n\u00f6velni k\u00edv\u00e1nj\u00e1k. A c\u00e9gek sz\u00e1m\u00e1ra a a kiv\u00e1l\u00f3 min\u0151s\u00e9g\u0171, egyedi megold\u00e1sokat ny\u00fajt\u00f3 v\u00e1llalkoz\u00e1sok, mint p\u00e9ld\u00e1ul a <a href=\"https:\/\/www.neon54-hu.com\/\">neon54-hu.com\/<\/a>, kulcsfontoss\u00e1g\u00fa partnerekk\u00e9 v\u00e1lhatnak.\n<\/p>\n<h2>A Neontechnol\u00f3gia \u00e9s a Kreat\u00edv Vil\u00e1g\u00edt\u00e1si Megold\u00e1sok Fejl\u0151d\u00e9se<\/h2>\n<table>\n<thead>\n<tr>\n<th>Technol\u00f3gia<\/th>\n<th>El\u0151ny\u00f6k<\/th>\n<th>P\u00e9ld\u00e1k<\/th>\n<\/tr>\n<\/thead>\n<tbody>\n<tr>\n<td>LED Vil\u00e1g\u00edt\u00e1s<\/td>\n<td>Energiahat\u00e9kony, hossz\u00fa \u00e9lettartam, sz\u00ednv\u00e1ltozatoss\u00e1g<\/td>\n<td>Szab\u00e1lyozhat\u00f3 f\u00e9nyer\u0151, sz\u00ednes LED cs\u00edkok<\/td>\n<\/tr>\n<tr>\n<td>Nano- \u00e9s Mikrocs\u00f6vek<\/td>\n<td>K\u00e9zzel form\u00e1lhat\u00f3, egyedi diz\u00e1jnlehet\u0151s\u00e9gek<\/td>\n<td>Egyedi c\u00e9gt\u00e1bla \u00e9s vil\u00e1g\u00edt\u00f3 install\u00e1ci\u00f3k<\/td>\n<\/tr>\n<tr>\n<td>Digit\u00e1lis Vez\u00e9rl\u0151rendszerek<\/td>\n<td>Dinamikus sz\u00edn- \u00e9s f\u00e9nyj\u00e1t\u00e9kok, automatiz\u00e1ci\u00f3<\/td>\n<td>Interakt\u00edv f\u0151homlokzatok, kih\u00edv\u00e1sokat megjelen\u00edt\u0151 f\u00e9nyfalak<\/td>\n<\/tr>\n<\/tbody>\n<\/table>\n<p><em>Az innovat\u00edv f\u00e9nytechnikai megold\u00e1sok lehet\u0151s\u00e9get adnak arra, hogy a v\u00e1llalatok vizu\u00e1lis identit\u00e1sukat a legmagasabb szinten kommunik\u00e1lj\u00e1k, mik\u00f6zben energiahat\u00e9kony \u00e9s fenntarthat\u00f3 m\u00f3don alak\u00edtj\u00e1k ki k\u00f6rnyezet\u00fcket.<\/em><\/p>\n<h2>Mi\u00e9rt \u00c9rdemes a Neon54-HU.com-ot Kiv\u00e1lasztani?<\/h2>\n<p>\nA neon54-hu.com\/ kiemelked\u0151 szak\u00e9rtelemmel \u00e9s innovat\u00edv megk\u00f6zel\u00edt\u00e9ssel t\u00e1mogatja a c\u00e9geket egyedi, szem\u00e9lyre szabott vil\u00e1g\u00edt\u00e1si projektek megval\u00f3s\u00edt\u00e1s\u00e1ban. A v\u00e1llalat nemcsak a leg\u00fajabb technol\u00f3giai megold\u00e1sokat k\u00edn\u00e1lja, hanem a teljes tervez\u00e9si \u00e9s kivitelez\u00e9si folyamatban is visszafogott kreat\u00edv szakmai t\u00e1mogat\u00e1st ny\u00fajt, \u00edgy minden r\u00e9szlet pontosan illeszkedik a megrendel\u0151 branding- \u00e9s design-elv\u00e1r\u00e1saihoz.<\/p>\n<p>Az \u00fcgyfelek visszajelz\u00e9sei alapj\u00e1n az interior \u00e9s exterior vil\u00e1g\u00edt\u00e1s szakter\u00fcleten egyar\u00e1nt kiemelked\u0151 sz\u00ednvonalat k\u00e9pviselnek, hozz\u00e1j\u00e1rulva ahhoz, hogy a v\u00e1llalkoz\u00e1sok kiemelkedjenek a piaci versenyb\u0151l. Ezen fel\u00fcl a t\u00e1rsas\u00e1g elk\u00f6telezett a fenntarthat\u00f3s\u00e1g ir\u00e1nt, energiatakar\u00e9kos \u00e9s k\u00f6rnyezetbar\u00e1t megold\u00e1sok alkalmaz\u00e1s\u00e1val.<\/p>\n<h2>J\u00f6v\u0151beli Ir\u00e1nyok az Innovat\u00edv Vil\u00e1g\u00edt\u00e1sban<\/h2>\n<p>\nA j\u00f6v\u0151ben v\u00e1rhat\u00f3an a mesters\u00e9ges intelligencia \u00e9s a h\u00e1l\u00f3zati vil\u00e1ggal \u00f6sszekapcsolt f\u00e9nytechnik\u00e1k integr\u00e1ci\u00f3ja lesz a f\u0151 trend. Ez lehet\u0151v\u00e9 teszi szem\u00e9lyre szabott \u00e9lm\u00e9nyek kialak\u00edt\u00e1s\u00e1t, ahol a vil\u00e1g\u00edt\u00e1s dinamikusan alkalmazkodik a k\u00f6rnyezethez \u00e9s a felhaszn\u00e1l\u00f3k ig\u00e9nyeihez. A neon54-hu.com-hoz hasonl\u00f3 specialist\u00e1k egyik kiemelked\u0151 szerepl\u0151k\u00e9nt r\u00e9szt vesznek ebben az innov\u00e1ci\u00f3s folyamatban.\n<\/p>\n<blockquote><p>\n\u201eA vil\u00e1g\u00edt\u00e1s nem csup\u00e1n a t\u00e9r vizu\u00e1lis kieg\u00e9sz\u00edt\u0151je, hanem a v\u00e1llalat arculat\u00e1nak egyik szent\u00e9lye. Az egyedi, kreat\u00edv megold\u00e1sok t\u00e1mogatj\u00e1k a m\u00e1rk\u00e1k kifejez\u0151k\u00e9szs\u00e9g\u00e9t \u00e9s versenyk\u00e9pess\u00e9g\u00e9t.\u201d \u2014 Industry Expert\n<\/p><\/blockquote>\n<p><cite>Forr\u00e1s: neon54-hu.com\/<\/cite><\/p>","protected":false},"excerpt":{"rendered":"<p>Az iroda- \u00e9s \u00fczlethelyis\u00e9gek bels\u0151 kialak\u00edt\u00e1sa az elm\u00falt \u00e9vtizedben jelent\u0151s v\u00e1ltoz\u00e1son ment kereszt\u00fcl, ahol a funkcionalit\u00e1s mellett egyre fontosabb szerepet kap a design kreativit\u00e1sa \u00e9s a mesters\u00e9ges f\u00e9nytechnika innov\u00e1ci\u00f3ja. Ahogy a v\u00e1llalkoz\u00e1sok \u00e9s szervezetek kiemelt figyelmet ford\u00edtanak m\u00e1rk\u00e1z\u00e1sukra, k\u00f6rnyezet\u00fck vizu\u00e1lis megjelen\u00e9s\u00e9re, a pr\u00e9mium vil\u00e1g\u00edt\u00e1si megold\u00e1sok nem csup\u00e1n eszt\u00e9tikai k\u00e9rd\u00e9sk\u00e9nt, hanem [&hellip;]<\/p>","protected":false},"author":3,"featured_media":0,"comment_status":"open","ping_status":"open","sticky":false,"template":"","format":"standard","meta":{"footnotes":""},"categories":[1],"tags":[],"class_list":["post-3117","post","type-post","status-publish","format-standard","hentry","category-uncategorized"],"_links":{"self":[{"href":"https:\/\/masra-alatheer.com\/ar\/wp-json\/wp\/v2\/posts\/3117","targetHints":{"allow":["GET"]}}],"collection":[{"href":"https:\/\/masra-alatheer.com\/ar\/wp-json\/wp\/v2\/posts"}],"about":[{"href":"https:\/\/masra-alatheer.com\/ar\/wp-json\/wp\/v2\/types\/post"}],"author":[{"embeddable":true,"href":"https:\/\/masra-alatheer.com\/ar\/wp-json\/wp\/v2\/users\/3"}],"replies":[{"embeddable":true,"href":"https:\/\/masra-alatheer.com\/ar\/wp-json\/wp\/v2\/comments?post=3117"}],"version-history":[{"count":0,"href":"https:\/\/masra-alatheer.com\/ar\/wp-json\/wp\/v2\/posts\/3117\/revisions"}],"wp:attachment":[{"href":"https:\/\/masra-alatheer.com\/ar\/wp-json\/wp\/v2\/media?parent=3117"}],"wp:term":[{"taxonomy":"category","embeddable":true,"href":"https:\/\/masra-alatheer.com\/ar\/wp-json\/wp\/v2\/categories?post=3117"},{"taxonomy":"post_tag","embeddable":true,"href":"https:\/\/masra-alatheer.com\/ar\/wp-json\/wp\/v2\/tags?post=3117"}],"curies":[{"name":"wp","href":"https:\/\/api.w.org\/{rel}","templated":true}]}}