{"id":1297,"date":"2025-09-01T22:42:45","date_gmt":"2025-09-01T19:42:45","guid":{"rendered":"https:\/\/masra-alatheer.com\/2025\/09\/01\/revoluce-v-podnikani-jak-flexibilni-pronajem-a-digitalizace-meni-odvetvi\/"},"modified":"2025-09-01T22:42:45","modified_gmt":"2025-09-01T19:42:45","slug":"revoluce-v-podnikani-jak-flexibilni-pronajem-a-digitalizace-meni-odvetvi","status":"publish","type":"post","link":"https:\/\/masra-alatheer.com\/ar\/2025\/09\/01\/revoluce-v-podnikani-jak-flexibilni-pronajem-a-digitalizace-meni-odvetvi\/","title":{"rendered":"Revoluce v podnik\u00e1n\u00ed: Jak flexibiln\u00ed pron\u00e1jem a digitalizace m\u011bn\u00ed odv\u011btv\u00ed"},"content":{"rendered":"<p>V posledn\u00edch dvou dek\u00e1d\u00e1ch se podnikatelsk\u00e9 prost\u0159ed\u00ed rychle m\u011bn\u00ed s n\u00e1stupem digitalizace, nov\u00fdch model\u016f pron\u00e1jmu a flexibiln\u00edch pracovn\u00edch \u0159e\u0161en\u00ed. Tyto trendov\u00e9 zm\u011bny maj\u00ed z\u00e1sadn\u00ed dopad na tradi\u010dn\u00ed odv\u011btv\u00ed, p\u0159i\u010dem\u017e kl\u00ed\u010dov\u00e9 inovace \u010dasto p\u0159ich\u00e1zej\u00ed od firem, kter\u00e9 dok\u00e1\u017eou efektivn\u011b spojit digit\u00e1ln\u00ed technologie s fyzick\u00fdm sv\u011btem. V tomto \u010dl\u00e1nku analyzujeme, jak modern\u00ed platformy a slu\u017eby p\u0159in\u00e1\u0161ej\u00ed nov\u00e9 mo\u017enosti a p\u0159isp\u00edvaj\u00ed k celosv\u011btov\u00e9 ekonomick\u00e9 transformaci, p\u0159i\u010dem\u017e jako p\u0159\u00edklad jedn\u00e9 z nejlep\u0161\u00edch firem v \u010cesku si p\u0159edstav\u00edme <a href=\"https:\/\/grandx.cz\/\">https:\/\/www.grandx.cz<\/a>.<\/p>\n<h2>Digitalizace a flexibiln\u00ed pron\u00e1jmy: Kl\u00ed\u010dov\u00e9 hybn\u00e9 s\u00edly dne\u0161n\u00edho podnik\u00e1n\u00ed<\/h2>\n<p>Digit\u00e1ln\u00ed technologie ji\u017e d\u00e1vno nejsou pouh\u00fdm dopl\u0148kem; staly se nezbytnost\u00ed, kterou podnikatel\u00e9 intenzivn\u011b vyu\u017e\u00edvaj\u00ed ke zv\u00fd\u0161en\u00ed efektivity, konkurenceschopnosti a inovac\u00ed. Model <b>flexibiln\u00edho pron\u00e1jmu<\/b> je jedn\u00edm z prominentn\u00edch trend\u016f v oblasti majetku, a\u0165 u\u017e se jedn\u00e1 o pron\u00e1jem kancel\u00e1\u0159sk\u00fdch prostor, d\u00edlen nebo logistick\u00fdch sklad\u016f. Podle posledn\u00edch statistik se glob\u00e1ln\u00ed trh sd\u00edlen\u00fdch pron\u00e1jm\u016f odhaduje na v\u00edce ne\u017e <span style=\"color:#c0392b\">$28 miliard<\/span> a st\u00e1le roste o v\u00edce ne\u017e <span style=\"color:#2ecc71\">15 % ro\u010dn\u011b<\/span>. Kuriozity ukazuj\u00ed, \u017ee firmy vyu\u017e\u00edvaj\u00ed tyto platformy nejen k \u00faspo\u0159e n\u00e1klad\u016f, ale tak\u00e9 k flexibiln\u00edmu rozvoji sv\u00fdch podnikatelsk\u00fdch aktivit.<\/p>\n<h2>P\u0159\u00edsp\u011bvek digitalizace ke zm\u011bn\u011b podnikatelsk\u00e9ho prost\u0159ed\u00ed<\/h2>\n<p>Podle pr\u016fzkumu digitaliza\u010dn\u00edho institutu je 72 % firem, kter\u00e9 investovaly do digitalizace, zaznamenalo zlep\u0161en\u00ed v produktivit\u011b o alespo\u0148 20 %. Digitalizace umo\u017enila nejen efektivn\u011bj\u0161\u00ed spr\u00e1vu a sledov\u00e1n\u00ed z\u00e1sob, ale i mo\u017enost rychle p\u0159izp\u016fsobit nab\u00eddku aktu\u00e1ln\u00edm pot\u0159eb\u00e1m trhu. V praxi to znamen\u00e1, \u017ee nap\u0159\u00edklad pronaj\u00edmatel\u00e9 mohou okam\u017eit\u011b reagovat na popt\u00e1vkov\u00e9 zm\u011bny, optimalizovat sv\u00e9 slu\u017eby prost\u0159ednictv\u00edm modern\u00edch datab\u00e1zov\u00fdch syst\u00e9m\u016f a vyu\u017e\u00edvat data k predikci trend\u016f.<\/p>\n<h2>Inspirativn\u00ed p\u0159\u00edklad: <a href=\"https:\/\/grandx.cz\">https:\/\/www.grandx.cz<\/a> jako pr\u016fkopn\u00edk inovac\u00ed v segmentu<\/h2>\n<p>Jedn\u00edm z nejv\u00fdrazn\u011bj\u0161\u00edch p\u0159\u00edklad\u016f takov\u00e9to kombinace je pr\u00e1v\u011b podnikatelsk\u00e1 platforma <strong>GrandX<\/strong>. Tento inovativn\u00ed projekt nab\u00edz\u00ed nejen flexibiln\u00ed pron\u00e1jem komer\u010dn\u00edch prostor, ale tak\u00e9 komplexn\u00ed digit\u00e1ln\u00ed slu\u017eby, kter\u00e9 umo\u017e\u0148uj\u00ed podnikatel\u016fm rychle p\u0159izp\u016fsobit sv\u00e9 provozy aktu\u00e1ln\u00edm po\u017eadavk\u016fm trhu. Jejich p\u0159\u00edstup je zalo\u017een na hlubok\u00e9 integraci modern\u00edch technologi\u00ed s optimalizac\u00ed prostoru a slu\u017eeb, \u010d\u00edm\u017e p\u0159in\u00e1\u0161\u00ed roz\u0161\u00ed\u0159enou hodnotu sv\u00fdm klient\u016fm.<\/p>\n<div class=\"highlight\">\n<p><em>&#8220;GrandX se odli\u0161uje nejen kvalitou a flexibilitou sv\u00fdch \u0159e\u0161en\u00ed, ale i schopnost\u00ed p\u0159en\u00e9st podnik\u00e1n\u00ed do digit\u00e1ln\u00ed \u00e9ry, co\u017e je kl\u00ed\u010dem k \u00fasp\u011bchu v dne\u0161n\u00edm konkurenceschopn\u00e9m prost\u0159ed\u00ed,&#8221;<\/em> \u0159\u00edk\u00e1 oblastn\u00ed analytik podnikatelsk\u00e9ho sektoru.<\/p>\n<\/div>\n<h2>Industry insights a budouc\u00ed v\u00fdzvy<\/h2>\n<table>\n<thead>\n<tr>\n<th>Faktor<\/th>\n<th>Vliv na podnik\u00e1n\u00ed<\/th>\n<th>P\u0159\u00edklad z praxe<\/th>\n<\/tr>\n<\/thead>\n<tbody>\n<tr>\n<td>Digitalizace<\/td>\n<td>Zrychlen\u00ed proces\u016f, efektivn\u00ed spr\u00e1va dat<\/td>\n<td>Automatizovan\u00e9 rezervace a spr\u00e1va skladov\u00fdch z\u00e1sob<\/td>\n<\/tr>\n<tr>\n<td>Flexibiln\u00ed pron\u00e1jmy<\/td>\n<td>Zv\u00fd\u0161en\u00ed adaptability a sn\u00ed\u017een\u00ed fixn\u00edch n\u00e1klad\u016f<\/td>\n<td>Provisioning prostor dle aktu\u00e1ln\u00edch pot\u0159eb<\/td>\n<\/tr>\n<tr>\n<td>Data-driven rozhodov\u00e1n\u00ed<\/td>\n<td>Optimalizace slu\u017eeb a zv\u00fd\u0161en\u00ed konkurenceschopnosti<\/td>\n<td>Prediktivn\u00ed anal\u00fdza popt\u00e1vky<\/td>\n<\/tr>\n<\/tbody>\n<\/table>\n<h2>Z\u00e1v\u011br: Sm\u011brem k udr\u017eiteln\u00e9mu a inovativn\u00edmu podnik\u00e1n\u00ed<\/h2>\n<p>Civiln\u00ed odv\u011btv\u00ed, kter\u00e1 rychle p\u0159ij\u00edmaj\u00ed digitalizaci a flexibiln\u00ed modely pron\u00e1jmu, jsou l\u00e9pe p\u0159ipravena odol\u00e1vat ekonomick\u00fdm v\u00fdkyv\u016fm a z\u00e1rove\u0148 posouvat hranice inovac\u00ed. Integrace modern\u00edch technologi\u00ed do podnikatelsk\u00fdch proces\u016f nen\u00ed ji\u017e ot\u00e1zkou volby, ale nezbytnost\u00ed pro zaji\u0161t\u011bn\u00ed r\u016fstu a stability. Projekty jako <a href=\"https:\/\/www.grandx.cz\">GrandX<\/a> p\u0159edstavuj\u00ed inspiraci a ukazuj\u00ed, \u017ee modern\u00ed kombinace fyzick\u00fdch a digit\u00e1ln\u00edch prvk\u016f je cestou k dlouhodob\u00e9mu \u00fasp\u011bchu v dynamick\u00e9m glob\u00e1ln\u00edm prost\u0159ed\u00ed.<\/p>","protected":false},"excerpt":{"rendered":"<p>V posledn\u00edch dvou dek\u00e1d\u00e1ch se podnikatelsk\u00e9 prost\u0159ed\u00ed rychle m\u011bn\u00ed s n\u00e1stupem digitalizace, nov\u00fdch model\u016f pron\u00e1jmu a flexibiln\u00edch pracovn\u00edch \u0159e\u0161en\u00ed. Tyto trendov\u00e9 zm\u011bny maj\u00ed z\u00e1sadn\u00ed dopad na tradi\u010dn\u00ed odv\u011btv\u00ed, p\u0159i\u010dem\u017e kl\u00ed\u010dov\u00e9 inovace \u010dasto p\u0159ich\u00e1zej\u00ed od firem, kter\u00e9 dok\u00e1\u017eou efektivn\u011b spojit digit\u00e1ln\u00ed technologie s fyzick\u00fdm sv\u011btem. V tomto \u010dl\u00e1nku analyzujeme, jak modern\u00ed [&hellip;]<\/p>","protected":false},"author":3,"featured_media":0,"comment_status":"open","ping_status":"open","sticky":false,"template":"","format":"standard","meta":{"footnotes":""},"categories":[1],"tags":[],"class_list":["post-1297","post","type-post","status-publish","format-standard","hentry","category-uncategorized"],"_links":{"self":[{"href":"https:\/\/masra-alatheer.com\/ar\/wp-json\/wp\/v2\/posts\/1297","targetHints":{"allow":["GET"]}}],"collection":[{"href":"https:\/\/masra-alatheer.com\/ar\/wp-json\/wp\/v2\/posts"}],"about":[{"href":"https:\/\/masra-alatheer.com\/ar\/wp-json\/wp\/v2\/types\/post"}],"author":[{"embeddable":true,"href":"https:\/\/masra-alatheer.com\/ar\/wp-json\/wp\/v2\/users\/3"}],"replies":[{"embeddable":true,"href":"https:\/\/masra-alatheer.com\/ar\/wp-json\/wp\/v2\/comments?post=1297"}],"version-history":[{"count":0,"href":"https:\/\/masra-alatheer.com\/ar\/wp-json\/wp\/v2\/posts\/1297\/revisions"}],"wp:attachment":[{"href":"https:\/\/masra-alatheer.com\/ar\/wp-json\/wp\/v2\/media?parent=1297"}],"wp:term":[{"taxonomy":"category","embeddable":true,"href":"https:\/\/masra-alatheer.com\/ar\/wp-json\/wp\/v2\/categories?post=1297"},{"taxonomy":"post_tag","embeddable":true,"href":"https:\/\/masra-alatheer.com\/ar\/wp-json\/wp\/v2\/tags?post=1297"}],"curies":[{"name":"wp","href":"https:\/\/api.w.org\/{rel}","templated":true}]}}