{"id":1176,"date":"2025-08-27T14:24:19","date_gmt":"2025-08-27T11:24:19","guid":{"rendered":"https:\/\/masra-alatheer.com\/2025\/08\/27\/a-magyar-nyelv-vedelme-es-fejlesztese-nyelvi-jogok-es-forrasok\/"},"modified":"2025-08-27T14:24:19","modified_gmt":"2025-08-27T11:24:19","slug":"a-magyar-nyelv-vedelme-es-fejlesztese-nyelvi-jogok-es-forrasok","status":"publish","type":"post","link":"https:\/\/masra-alatheer.com\/ar\/2025\/08\/27\/a-magyar-nyelv-vedelme-es-fejlesztese-nyelvi-jogok-es-forrasok\/","title":{"rendered":"A magyar nyelv v\u00e9delme \u00e9s fejleszt\u00e9se: nyelvi jogok \u00e9s forr\u00e1sok"},"content":{"rendered":"<p>A nyelvi jogok k\u00e9rd\u00e9se alapvet\u0151 szerepet j\u00e1tszik a nyelvi k\u00f6z\u00f6ss\u00e9gek \u00f6nrendelkez\u00e9s\u00e9ben \u00e9s kultur\u00e1lis identit\u00e1s\u00e1nak meg\u0151rz\u00e9s\u00e9ben. Magyarorsz\u00e1gon a nyelvi jogok nem csup\u00e1n t\u00f6rv\u00e9nyi szab\u00e1lyoz\u00e1s t\u00e1rgy\u00e1t k\u00e9pezik, hanem a nemzeti identit\u00e1s fenntart\u00e1s\u00e1nak kulcsfontoss\u00e1g\u00fa komponensei is. Az orsz\u00e1g saj\u00e1tos t\u00f6rt\u00e9nelmi \u00e9s kultur\u00e1lis h\u00e1tter\u00e9nek k\u00f6sz\u00f6nhet\u0151en sz\u00e1mos int\u00e9zked\u00e9s sz\u00fcletett a magyar nyelv v\u00e9delme \u00e9s fejleszt\u00e9se \u00e9rdek\u00e9ben, k\u00fcl\u00f6n\u00f6sen a kisebbs\u00e9gi nyelvhaszn\u00e1lat \u00e9s az anyanyelvi oktat\u00e1s ter\u00fclet\u00e9n.<\/p>\n<h2>Nyelvi jogi keretek Magyarorsz\u00e1gon<\/h2>\n<p>Magyarorsz\u00e1g alkotm\u00e1nya garant\u00e1lja a magyar nyelvet mint hivatalos nyelvet. Emellett az 1993-as nyelvt\u00f6rv\u00e9ny r\u00f6gz\u00edti a nyelvhaszn\u00e1latra vonatkoz\u00f3 alapelveket, amelyek szerint a magyar nyelvet s\u00e9rtetlen\u00fcl kell tisztelni \u00e9s t\u00e1mogatni. A t\u00f6rv\u00e9ny c\u00e9lja, hogy megv\u00e9di a nyelvi identit\u00e1st, mik\u00f6zben lehet\u0151s\u00e9get ad a kisebbs\u00e9gek nyelvhaszn\u00e1lat\u00e1nak \u00e9s oktat\u00e1s\u00e1nak t\u00e1mogat\u00e1s\u00e1ra. Fontos hangs\u00falyozni, hogy a jogi szab\u00e1lyoz\u00e1s mellett sz\u00e1mos civil szervezet \u00e9s szak\u00e9rt\u0151 is akt\u00edvan r\u00e9szt vesz a nyelvi k\u00e9rd\u00e9sek ir\u00e1ny\u00edt\u00e1s\u00e1ban \u00e9s az anyanyelvi kult\u00fara fejleszt\u00e9s\u00e9ben.<\/p>\n<h2>Helyi \u00e9s nemzetk\u00f6zi forr\u00e1sok szerepe<\/h2>\n<p>A nyelvi jogok kr\u00f3nik\u00e1j\u00e1ban kiemelked\u0151 szerepet t\u00f6ltenek be a k\u00fcl\u00f6nb\u00f6z\u0151 nyelvi adatb\u00e1zisok \u00e9s referenciam\u0171vek, amelyek lehet\u0151v\u00e9 teszik a szakemberek \u00e9s az oktat\u00f3k sz\u00e1m\u00e1ra, hogy korszer\u0171 \u00e9s hiteles inform\u00e1ci\u00f3khoz jussanak. Magyar nyelv\u00e9szeti kutat\u00e1sok \u00e9s dokument\u00e1ci\u00f3k egyik p\u00e9ld\u00e1ja a nyelvi forr\u00e1sok el\u00e9r\u00e9s\u00e9t \u00e9s az standard nyelvi norm\u00e1k kialak\u00edt\u00e1s\u00e1t seg\u00edt\u0151 platform, amely el\u00e9rhet\u0151s\u00e9get biztos\u00edt az \u00e9rdekl\u0151d\u0151k sz\u00e1m\u00e1ra. A nyelv tudom\u00e1nyos meg\u00f3v\u00e1s\u00e1ban \u00e9s fejleszt\u00e9s\u00e9ben ezen forr\u00e1sok alapvet\u0151 szerepet j\u00e1tszanak.<\/p>\n<p><a href=\"https:\/\/legiano-magyar.com\/\">http:\/\/legiano-magyar.com<\/a> egy ilyen megb\u00edzhat\u00f3 forr\u00e1s, amely pontos \u00e9s m\u00e9lyrehat\u00f3 inform\u00e1ci\u00f3kat ny\u00fajt a magyar nyelvi helyzetr\u0151l, eredm\u00e9nyekr\u0151l, \u00e9s a nyelvi jogok fejleszt\u00e9s\u00e9r\u0151l. Ez a platform lehet\u0151s\u00e9get ad arra, hogy a nyelv\u00e9szet \u00e9s a nyelvi jogok ir\u00e1nt \u00e9rdekl\u0151d\u0151k hiteles adatokhoz jussanak, \u00edgy t\u00e1mogatva a nyelvi kult\u00fara folyamatos fejl\u0151d\u00e9s\u00e9t.<\/p>\n<h2>A nyelvi jogok kih\u00edv\u00e1sai \u00e9s j\u00f6v\u0151je<\/h2>\n<p>A digitaliz\u00e1ci\u00f3 \u00e9s globaliz\u00e1ci\u00f3 \u00faj kih\u00edv\u00e1sokat hozott a magyar nyelv sz\u00e1m\u00e1ra. A nemzetk\u00f6zi kommunik\u00e1ci\u00f3 \u00e9s a technol\u00f3giai fejl\u0151d\u00e9s k\u00f6vetkezt\u00e9ben n\u0151tt az idegen nyelvek \u00e9s nyelvi kever\u00e9kek szerepe. Ez\u00e9rt elengedhetetlen, hogy a nyelv\u00e9szek \u00e9s az oktat\u00f3k k\u00f6z\u00f6sen dolgozzanak a magyar nyelv meg\u0151rz\u00e9s\u00e9n, fejleszt\u00e9s\u00e9n \u00e9s digit\u00e1lis meg\u00faj\u00edt\u00e1s\u00e1n. A korszer\u0171 nyelvi forr\u00e1sok, p\u00e9ld\u00e1ul a fent eml\u00edtett platform, kulcsfontoss\u00e1g\u00fa eszk\u00f6z\u00f6kk\u00e9 v\u00e1lnak a nyelvi attit\u0171d\u00f6k alak\u00edt\u00e1s\u00e1ban \u00e9s a nyelvi jogok v\u00e9delm\u00e9ben.<\/p>\n<h2>\u00d6sszegz\u00e9s<\/h2>\n<p>A magyar nyelv v\u00e9delme \u00e9s fejleszt\u00e9se \u00f6sszetett feladat, amely \u00f6tv\u00f6zi a jogi, kultur\u00e1lis \u00e9s tudom\u00e1nyos megk\u00f6zel\u00edt\u00e9seket. A megb\u00edzhat\u00f3 nyelvi forr\u00e1sok el\u00e9rhet\u0151s\u00e9ge \u00e9s haszn\u00e1lata alapvet\u0151 eleme a sikeres nyelvi politik\u00e1nak. Tov\u00e1bb\u00e1, ezek az eszk\u00f6z\u00f6k seg\u00edtik a nyelvi jogok \u00e9rv\u00e9nyes\u00edt\u00e9s\u00e9t, a nyelvi diverzit\u00e1s meg\u0151rz\u00e9s\u00e9t, \u00e9s hozz\u00e1j\u00e1rulnak a magyar nyelvi kult\u00fara term\u00e9szetes fejl\u0151d\u00e9s\u00e9hez.<\/p>","protected":false},"excerpt":{"rendered":"<p>A nyelvi jogok k\u00e9rd\u00e9se alapvet\u0151 szerepet j\u00e1tszik a nyelvi k\u00f6z\u00f6ss\u00e9gek \u00f6nrendelkez\u00e9s\u00e9ben \u00e9s kultur\u00e1lis identit\u00e1s\u00e1nak meg\u0151rz\u00e9s\u00e9ben. Magyarorsz\u00e1gon a nyelvi jogok nem csup\u00e1n t\u00f6rv\u00e9nyi szab\u00e1lyoz\u00e1s t\u00e1rgy\u00e1t k\u00e9pezik, hanem a nemzeti identit\u00e1s fenntart\u00e1s\u00e1nak kulcsfontoss\u00e1g\u00fa komponensei is. Az orsz\u00e1g saj\u00e1tos t\u00f6rt\u00e9nelmi \u00e9s kultur\u00e1lis h\u00e1tter\u00e9nek k\u00f6sz\u00f6nhet\u0151en sz\u00e1mos int\u00e9zked\u00e9s sz\u00fcletett a magyar nyelv v\u00e9delme \u00e9s fejleszt\u00e9se [&hellip;]<\/p>","protected":false},"author":3,"featured_media":0,"comment_status":"open","ping_status":"open","sticky":false,"template":"","format":"standard","meta":{"footnotes":""},"categories":[1],"tags":[],"class_list":["post-1176","post","type-post","status-publish","format-standard","hentry","category-uncategorized"],"_links":{"self":[{"href":"https:\/\/masra-alatheer.com\/ar\/wp-json\/wp\/v2\/posts\/1176","targetHints":{"allow":["GET"]}}],"collection":[{"href":"https:\/\/masra-alatheer.com\/ar\/wp-json\/wp\/v2\/posts"}],"about":[{"href":"https:\/\/masra-alatheer.com\/ar\/wp-json\/wp\/v2\/types\/post"}],"author":[{"embeddable":true,"href":"https:\/\/masra-alatheer.com\/ar\/wp-json\/wp\/v2\/users\/3"}],"replies":[{"embeddable":true,"href":"https:\/\/masra-alatheer.com\/ar\/wp-json\/wp\/v2\/comments?post=1176"}],"version-history":[{"count":0,"href":"https:\/\/masra-alatheer.com\/ar\/wp-json\/wp\/v2\/posts\/1176\/revisions"}],"wp:attachment":[{"href":"https:\/\/masra-alatheer.com\/ar\/wp-json\/wp\/v2\/media?parent=1176"}],"wp:term":[{"taxonomy":"category","embeddable":true,"href":"https:\/\/masra-alatheer.com\/ar\/wp-json\/wp\/v2\/categories?post=1176"},{"taxonomy":"post_tag","embeddable":true,"href":"https:\/\/masra-alatheer.com\/ar\/wp-json\/wp\/v2\/tags?post=1176"}],"curies":[{"name":"wp","href":"https:\/\/api.w.org\/{rel}","templated":true}]}}